{"id":3821,"date":"2025-11-27T16:56:57","date_gmt":"2025-11-27T19:56:57","guid":{"rendered":"https:\/\/minimundi.net\/blog\/?p=3821"},"modified":"2025-11-27T16:57:31","modified_gmt":"2025-11-27T19:57:31","slug":"como-planejar-um-projeto-de-pdv-alinhado-a-identidade-da-marca","status":"publish","type":"post","link":"https:\/\/www.minimundi.net\/blog\/como-planejar-um-projeto-de-pdv-alinhado-a-identidade-da-marca\/","title":{"rendered":"Como planejar um projeto de PDV alinhado \u00e0 identidade da marca"},"content":{"rendered":"<span class=\"span-reading-time rt-reading-time\" style=\"display: block;\"><span class=\"rt-label rt-prefix\">Tempo de leitura:<\/span> <span class=\"rt-time\"> 4<\/span> <span class=\"rt-label rt-postfix\">minutos<\/span><\/span>\n<p class=\"has-medium-font-size\"><strong><em>Descubra como planejar um projeto de PDV que traduza a identidade da marca e transforme o ponto de venda em ponto de decis\u00e3o.<\/em><\/strong><\/p>\n\n\n\n<p>O <strong>projeto de PDV<\/strong> n\u00e3o \u00e9 apenas uma quest\u00e3o est\u00e9tica. Ele \u00e9 o ponto onde a <strong>comunica\u00e7\u00e3o f\u00edsica da marca se conecta com a jornada de consumo<\/strong>, determinando o sucesso da convers\u00e3o.&nbsp;<\/p>\n\n\n\n<p>Cada cent\u00edmetro do espa\u00e7o de venda deve trabalhar a favor da marca \u2014 orientando, estimulando e conduzindo o olhar do consumidor.<\/p>\n\n\n\n<p>Quando o <strong>PDV \u00e9 planejado estrategicamente<\/strong>, transforma a inten\u00e7\u00e3o de compra em a\u00e7\u00e3o concreta.&nbsp;<\/p>\n\n\n\n<p>Por isso, a coer\u00eancia entre <strong>identidade visual, discurso de marca e experi\u00eancia de compra<\/strong> \u00e9 o que diferencia uma simples exposi\u00e7\u00e3o de produtos de uma ativa\u00e7\u00e3o memor\u00e1vel.<\/p>\n\n\n\n<ul class=\"wp-block-list\">\n<li><a href=\"https:\/\/minimundi.net\/blog\/empresa-de-cenografia-em-cotia-as-melhores-solucoes-estao-na-minimundi\/\">Empresa de cenografia em Cotia: as melhores solu\u00e7\u00f5es est\u00e3o na Minimundi<\/a><\/li>\n<\/ul>\n\n\n\n<div id=\"ez-toc-container\" class=\"ez-toc-v2_0_78 counter-hierarchy ez-toc-counter ez-toc-grey ez-toc-container-direction\">\n<div class=\"ez-toc-title-container\">\n<p class=\"ez-toc-title\" style=\"cursor:inherit\">O que abordaremos neste artigo:<\/p>\n<span class=\"ez-toc-title-toggle\"><a href=\"#\" class=\"ez-toc-pull-right ez-toc-btn ez-toc-btn-xs ez-toc-btn-default ez-toc-toggle\" aria-label=\"Alternar tabela de conte\u00fado\"><span class=\"ez-toc-js-icon-con\"><span class=\"\"><span class=\"eztoc-hide\" style=\"display:none;\">Toggle<\/span><span class=\"ez-toc-icon-toggle-span\"><svg style=\"fill: #999;color:#999\" xmlns=\"http:\/\/www.w3.org\/2000\/svg\" class=\"list-377408\" width=\"20px\" height=\"20px\" viewBox=\"0 0 24 24\" fill=\"none\"><path d=\"M6 6H4v2h2V6zm14 0H8v2h12V6zM4 11h2v2H4v-2zm16 0H8v2h12v-2zM4 16h2v2H4v-2zm16 0H8v2h12v-2z\" fill=\"currentColor\"><\/path><\/svg><svg style=\"fill: #999;color:#999\" class=\"arrow-unsorted-368013\" xmlns=\"http:\/\/www.w3.org\/2000\/svg\" width=\"10px\" height=\"10px\" viewBox=\"0 0 24 24\" version=\"1.2\" baseProfile=\"tiny\"><path d=\"M18.2 9.3l-6.2-6.3-6.2 6.3c-.2.2-.3.4-.3.7s.1.5.3.7c.2.2.4.3.7.3h11c.3 0 .5-.1.7-.3.2-.2.3-.5.3-.7s-.1-.5-.3-.7zM5.8 14.7l6.2 6.3 6.2-6.3c.2-.2.3-.5.3-.7s-.1-.5-.3-.7c-.2-.2-.4-.3-.7-.3h-11c-.3 0-.5.1-.7.3-.2.2-.3.5-.3.7s.1.5.3.7z\"\/><\/svg><\/span><\/span><\/span><\/a><\/span><\/div>\n<nav><ul class='ez-toc-list ez-toc-list-level-1 ' ><li class='ez-toc-page-1 ez-toc-heading-level-2'><a class=\"ez-toc-link ez-toc-heading-1\" href=\"https:\/\/www.minimundi.net\/blog\/como-planejar-um-projeto-de-pdv-alinhado-a-identidade-da-marca\/#A_importancia_de_alinhar_o_projeto_de_PDV_a_identidade_da_marca\" >A import\u00e2ncia de alinhar o projeto de PDV \u00e0 identidade da marca<\/a><\/li><li class='ez-toc-page-1 ez-toc-heading-level-2'><a class=\"ez-toc-link ez-toc-heading-2\" href=\"https:\/\/www.minimundi.net\/blog\/como-planejar-um-projeto-de-pdv-alinhado-a-identidade-da-marca\/#Materiais_graficos_o_primeiro_contato_visual_com_o_consumidor\" >Materiais gr\u00e1ficos: o primeiro contato visual com o consumidor<\/a><\/li><li class='ez-toc-page-1 ez-toc-heading-level-2'><a class=\"ez-toc-link ez-toc-heading-3\" href=\"https:\/\/www.minimundi.net\/blog\/como-planejar-um-projeto-de-pdv-alinhado-a-identidade-da-marca\/#Estruturas_promocionais_como_suporte_tatico_da_comunicacao\" >Estruturas promocionais como suporte t\u00e1tico da comunica\u00e7\u00e3o<\/a><\/li><li class='ez-toc-page-1 ez-toc-heading-level-2'><a class=\"ez-toc-link ez-toc-heading-4\" href=\"https:\/\/www.minimundi.net\/blog\/como-planejar-um-projeto-de-pdv-alinhado-a-identidade-da-marca\/#Displays_e_placas_o_ponto_de_decisao_do_consumidor\" >Displays e placas: o ponto de decis\u00e3o do consumidor<\/a><\/li><li class='ez-toc-page-1 ez-toc-heading-level-2'><a class=\"ez-toc-link ez-toc-heading-5\" href=\"https:\/\/www.minimundi.net\/blog\/como-planejar-um-projeto-de-pdv-alinhado-a-identidade-da-marca\/#Integracao_e_coerencia_visual_a_alma_de_um_projeto_de_PDV_eficaz\" >Integra\u00e7\u00e3o e coer\u00eancia visual: a alma de um projeto de PDV eficaz<\/a><\/li><li class='ez-toc-page-1 ez-toc-heading-level-2'><a class=\"ez-toc-link ez-toc-heading-6\" href=\"https:\/\/www.minimundi.net\/blog\/como-planejar-um-projeto-de-pdv-alinhado-a-identidade-da-marca\/#Projeto_de_PDV_da_Minimundi_quando_a_identidade_ganha_forma\" >Projeto de PDV da Minimundi: quando a identidade ganha forma<\/a><\/li><\/ul><\/nav><\/div>\n<h2 class=\"wp-block-heading\"><span class=\"ez-toc-section\" id=\"A_importancia_de_alinhar_o_projeto_de_PDV_a_identidade_da_marca\"><\/span><strong>A import\u00e2ncia de alinhar o projeto de PDV \u00e0 identidade da marca<\/strong><span class=\"ez-toc-section-end\"><\/span><\/h2>\n\n\n\n<figure class=\"wp-block-image alignright size-large is-resized is-style-rounded\"><img fetchpriority=\"high\" decoding=\"async\" width=\"1024\" height=\"683\" src=\"https:\/\/minimundi.net\/blog\/wp-content\/uploads\/2025\/11\/banners2-1024x683.webp\" alt=\"\" class=\"wp-image-3822\" style=\"width:440px;height:auto\" srcset=\"https:\/\/www.minimundi.net\/blog\/wp-content\/uploads\/2025\/11\/banners2-1024x683.webp 1024w, https:\/\/www.minimundi.net\/blog\/wp-content\/uploads\/2025\/11\/banners2-300x200.webp 300w, https:\/\/www.minimundi.net\/blog\/wp-content\/uploads\/2025\/11\/banners2-768x512.webp 768w, https:\/\/www.minimundi.net\/blog\/wp-content\/uploads\/2025\/11\/banners2-1536x1024.webp 1536w, https:\/\/www.minimundi.net\/blog\/wp-content\/uploads\/2025\/11\/banners2.webp 1600w\" sizes=\"(max-width: 1024px) 100vw, 1024px\" \/><\/figure>\n\n\n\n<p>Um <strong>projeto de PDV bem estruturado<\/strong> \u00e9 uma extens\u00e3o da marca. Ele comunica visualmente seus valores, prop\u00f3sito e diferenciais, mesmo sem palavras.&nbsp;<\/p>\n\n\n\n<p>Cores, tipografias, texturas e formas precisam conversar com o posicionamento da empresa e despertar no cliente o mesmo sentimento que a marca quer transmitir em todas as suas frentes de comunica\u00e7\u00e3o.<\/p>\n\n\n\n<p><strong>Cada elemento visual do PDV deve refor\u00e7ar o universo simb\u00f3lico da marca. <\/strong>Quando o consumidor reconhece essa coer\u00eancia, a confian\u00e7a aumenta \u2014 e, com ela, a probabilidade de convers\u00e3o.<\/p>\n\n\n\n<p>O planejamento come\u00e7a pela compreens\u00e3o profunda da <strong>identidade da marca<\/strong>: o que ela representa, a quem se dirige e quais emo\u00e7\u00f5es deseja despertar.&nbsp;<\/p>\n\n\n\n<p>Essa tradu\u00e7\u00e3o visual \u00e9 o que garante que o projeto de PDV seja mais do que bonito \u2014 seja funcional, estrat\u00e9gico e memor\u00e1vel.<\/p>\n\n\n\n<h2 class=\"wp-block-heading\"><span class=\"ez-toc-section\" id=\"Materiais_graficos_o_primeiro_contato_visual_com_o_consumidor\"><\/span><strong>Materiais gr\u00e1ficos: o primeiro contato visual com o consumidor<\/strong><span class=\"ez-toc-section-end\"><\/span><\/h2>\n\n\n\n<p>O primeiro n\u00edvel de intera\u00e7\u00e3o dentro do ponto de venda vem dos <strong>materiais gr\u00e1ficos<\/strong> aplicados em locais estrat\u00e9gicos. Esses elementos funcionam como <strong>extens\u00f5es da campanha publicit\u00e1ria<\/strong>, guiando o olhar e ajudando o consumidor a navegar pelo espa\u00e7o.<\/p>\n\n\n\n<p>Entre os recursos mais usados, destacam-se:<\/p>\n\n\n\n<ul class=\"wp-block-list\">\n<li><strong>Faixas e r\u00e9guas de g\u00f4ndola:<\/strong> ajudam na organiza\u00e7\u00e3o visual dos produtos e na segmenta\u00e7\u00e3o por categoria;<br><br><\/li>\n\n\n\n<li><strong>Wobblers e stoppers:<\/strong> criam pontos de ruptura visual nas prateleiras, destacando produtos e ofertas;<br><br><\/li>\n\n\n\n<li><strong>Clipstrips:<\/strong> aproveitam espa\u00e7os verticais e incentivam compras complementares, ideais para cross-selling;<br><br><\/li>\n\n\n\n<li><strong>Bobinas de forra\u00e7\u00e3o:<\/strong> cobrem superf\u00edcies com elementos visuais da campanha, criando uma identidade tempor\u00e1ria e de alto impacto.<br><\/li>\n<\/ul>\n\n\n\n<p><strong>A harmonia entre esses recursos garante coer\u00eancia visual e melhora a experi\u00eancia de navega\u00e7\u00e3o.<\/strong> O consumidor se sente guiado \u2014 e n\u00e3o sobrecarregado \u2014, o que favorece uma jornada fluida e intuitiva.<\/p>\n\n\n\n<h2 class=\"wp-block-heading\"><span class=\"ez-toc-section\" id=\"Estruturas_promocionais_como_suporte_tatico_da_comunicacao\"><\/span><strong>Estruturas promocionais como suporte t\u00e1tico da comunica\u00e7\u00e3o<\/strong><span class=\"ez-toc-section-end\"><\/span><\/h2>\n\n\n\n<p>As <strong>estruturas promocionais<\/strong> desempenham um papel essencial no <strong>projeto de PDV<\/strong>, funcionando como suporte t\u00e1tico para fortalecer a presen\u00e7a da marca no ambiente de venda.&nbsp;<\/p>\n\n\n\n<p>Elas d\u00e3o volume, movimento e destaque \u00e0 comunica\u00e7\u00e3o, tornando o espa\u00e7o mais envolvente e funcional.&nbsp;<\/p>\n\n\n\n<p>Quando bem posicionadas, ajudam a organizar o fluxo de circula\u00e7\u00e3o e direcionar o olhar do consumidor para pontos estrat\u00e9gicos.<\/p>\n\n\n\n<p>Totens, m\u00f3biles, cubos e banners, por exemplo, n\u00e3o s\u00e3o apenas pe\u00e7as decorativas \u2014 s\u00e3o <strong>ferramentas de est\u00edmulo visual<\/strong> que ampliam o alcance da mensagem sem comprometer a fluidez do ambiente.&nbsp;<\/p>\n\n\n\n<p>A chave est\u00e1 em equilibrar impacto e harmonia, garantindo que cada estrutura comunique de forma clara, coerente e integrada ao conceito da campanha.&nbsp;<\/p>\n\n\n\n<p>Assim, o PDV deixa de ser um simples suporte f\u00edsico e se transforma em um <strong>instrumento de conex\u00e3o e decis\u00e3o de compra<\/strong>.<\/p>\n\n\n\n<ul class=\"wp-block-list\">\n<li><a href=\"https:\/\/minimundi.net\/blog\/conheca-a-importancia-do-visual-merchandising-para-a-sua-empresa\/\">Conhe\u00e7a a import\u00e2ncia do Visual Merchandising para a sua empresa<\/a><\/li>\n<\/ul>\n\n\n\n<h2 class=\"wp-block-heading\"><span class=\"ez-toc-section\" id=\"Displays_e_placas_o_ponto_de_decisao_do_consumidor\"><\/span><strong>Displays e placas: o ponto de decis\u00e3o do consumidor<\/strong><span class=\"ez-toc-section-end\"><\/span><\/h2>\n\n\n\n<p>Se o PDV \u00e9 o ponto de decis\u00e3o, <strong>displays e placas sinalizadoras<\/strong> s\u00e3o os aliados que transformam aten\u00e7\u00e3o em a\u00e7\u00e3o. Eles funcionam como <strong>pontos focais<\/strong> no momento da escolha, refor\u00e7ando a identidade visual e agregando valor \u00e0 exposi\u00e7\u00e3o.<\/p>\n\n\n\n<p>Na pr\u00e1tica, cumprem tr\u00eas fun\u00e7\u00f5es principais:<\/p>\n\n\n\n<ol class=\"wp-block-list\">\n<li><strong>Refor\u00e7ar atributos do produto<\/strong>, destacando diferenciais e benef\u00edcios;<br><br><\/li>\n\n\n\n<li><strong>Comunicar valores institucionais<\/strong>, associando a marca a causas e posicionamentos;<br><br><\/li>\n\n\n\n<li><strong>Organizar categorias<\/strong>, facilitando a compreens\u00e3o do sortimento e guiando o olhar para o mix correto.<br><\/li>\n<\/ol>\n\n\n\n<p>O material e o acabamento devem ser definidos de acordo com o tempo de campanha, o ambiente de exposi\u00e7\u00e3o e o perfil do p\u00fablico. <strong>Durabilidade, clareza e consist\u00eancia visual s\u00e3o crit\u00e9rios essenciais.<\/strong><\/p>\n\n\n\n<h2 class=\"wp-block-heading\"><span class=\"ez-toc-section\" id=\"Integracao_e_coerencia_visual_a_alma_de_um_projeto_de_PDV_eficaz\"><\/span><strong>Integra\u00e7\u00e3o e coer\u00eancia visual: a alma de um projeto de PDV eficaz<\/strong><span class=\"ez-toc-section-end\"><\/span><\/h2>\n\n\n\n<p>Um <strong>projeto de PDV<\/strong> n\u00e3o deve tratar seus elementos de forma isolada, mas como parte de um sistema visual coerente. Quando cada componente \u2014 da bobina de forra\u00e7\u00e3o ao clipstrip \u2014 se conecta \u00e0 narrativa da marca, o resultado \u00e9 uma <strong>comunica\u00e7\u00e3o unificada e envolvente<\/strong>.<\/p>\n\n\n\n<p>Essa integra\u00e7\u00e3o requer:<\/p>\n\n\n\n<ul class=\"wp-block-list\">\n<li><strong>Leitura detalhada do layout da loja<\/strong>, para posicionar os elementos de forma estrat\u00e9gica;<br><br><\/li>\n\n\n\n<li><strong>Adequa\u00e7\u00e3o ao fluxo de pessoas<\/strong>, garantindo exposi\u00e7\u00e3o m\u00e1xima com interfer\u00eancia m\u00ednima;<br><br><\/li>\n\n\n\n<li><strong>Sincronia com a linguagem da campanha<\/strong>, evitando ru\u00eddos visuais ou excesso de est\u00edmulo.<br><\/li>\n<\/ul>\n\n\n\n<p>A coer\u00eancia \u00e9 o que transforma o PDV em um <strong>ambiente de marca<\/strong>, e n\u00e3o apenas um ponto de venda. \u00c9 ali que a estrat\u00e9gia de comunica\u00e7\u00e3o se torna palp\u00e1vel e onde a <strong>decis\u00e3o de compra realmente acontece<\/strong>.<\/p>\n\n\n\n<h2 class=\"wp-block-heading\"><span class=\"ez-toc-section\" id=\"Projeto_de_PDV_da_Minimundi_quando_a_identidade_ganha_forma\"><\/span><strong>Projeto de PDV da Minimundi: quando a identidade ganha forma<\/strong><span class=\"ez-toc-section-end\"><\/span><\/h2>\n\n\n\n<p>A <strong>Minimundi<\/strong> entende que o PDV \u00e9 mais do que o fim da jornada de compra \u2014 \u00e9 o <strong>ponto onde o consumidor decide se conecta emocionalmente com a marca<\/strong>.&nbsp;<\/p>\n\n\n\n<p>Por isso, seus projetos unem <strong>estrat\u00e9gia, design e execu\u00e7\u00e3o impec\u00e1vel<\/strong>, criando ativa\u00e7\u00f5es que traduzem a ess\u00eancia de cada cliente.<\/p>\n\n\n\n<p>Combinando <strong>criatividade, planejamento t\u00e9cnico e excel\u00eancia operacional<\/strong>, a Minimundi desenvolve solu\u00e7\u00f5es completas de <strong>Visual Merchandising, Arquitetura Promocional e cenografia<\/strong>.&nbsp;<\/p>\n\n\n\n<p>Cada projeto \u00e9 pensado para transformar o espa\u00e7o f\u00edsico em <strong>uma experi\u00eancia de marca viva<\/strong>, que estimula, orienta e converte.<\/p>\n\n\n\n<p>Da concep\u00e7\u00e3o \u00e0 entrega final, a Minimundi cuida de cada detalhe com agilidade, precis\u00e3o e impacto visual. <strong>Solu\u00e7\u00f5es inteligentes que conectam marcas ao consumidor \u2014 dentro e fora do ponto de venda.<\/strong><\/p>\n\n\n\n<p><strong>Quer transformar seu PDV em ponto de decis\u00e3o? Entre em contato com a Minimundi e descubra como elevar sua marca por meio de projetos que unem est\u00e9tica, estrat\u00e9gia e resultado.<\/strong><\/p>\n","protected":false},"excerpt":{"rendered":"<p><span class=\"span-reading-time rt-reading-time\" style=\"display: block;\"><span class=\"rt-label rt-prefix\">Tempo de leitura:<\/span> <span class=\"rt-time\"> 4<\/span> <span class=\"rt-label rt-postfix\">minutos<\/span><\/span>Descubra como planejar um projeto de PDV que traduza a identidade da marca e transforme o ponto de venda em ponto de decis\u00e3o. O projeto de PDV n\u00e3o \u00e9 apenas uma quest\u00e3o est\u00e9tica. Ele \u00e9 o ponto onde a comunica\u00e7\u00e3o f\u00edsica da marca se conecta com a jornada de consumo, determinando o sucesso da convers\u00e3o.&nbsp; Cada cent\u00edmetro do espa\u00e7o de venda deve trabalhar a favor da marca \u2014 orientando, estimulando e conduzindo o olhar do consumidor. Quando o PDV \u00e9 planejado estrategicamente, transforma a inten\u00e7\u00e3o de compra em a\u00e7\u00e3o concreta.&nbsp; Por isso, a coer\u00eancia entre identidade visual, discurso de marca e experi\u00eancia de compra \u00e9 o que diferencia uma simples exposi\u00e7\u00e3o de produtos de uma ativa\u00e7\u00e3o memor\u00e1vel. A import\u00e2ncia de alinhar o projeto de PDV \u00e0 identidade da marca Um projeto de PDV bem estruturado \u00e9 uma extens\u00e3o da marca. Ele comunica visualmente seus valores, prop\u00f3sito e diferenciais, mesmo sem palavras.&nbsp; Cores, tipografias, texturas e formas precisam conversar com o posicionamento da empresa e despertar no cliente o mesmo sentimento que a marca quer transmitir em todas as suas frentes de comunica\u00e7\u00e3o. Cada elemento visual do PDV deve refor\u00e7ar o universo simb\u00f3lico da marca. Quando o consumidor reconhece essa coer\u00eancia, a confian\u00e7a aumenta \u2014 e, com ela, a probabilidade de convers\u00e3o. O planejamento come\u00e7a pela compreens\u00e3o profunda da identidade da marca: o que ela representa, a quem se dirige e quais emo\u00e7\u00f5es deseja despertar.&nbsp; Essa tradu\u00e7\u00e3o visual \u00e9 o que garante que o projeto de PDV seja mais do que bonito \u2014 seja funcional, estrat\u00e9gico e memor\u00e1vel. Materiais gr\u00e1ficos: o primeiro contato visual com o consumidor O primeiro n\u00edvel de intera\u00e7\u00e3o dentro do ponto de venda vem dos materiais gr\u00e1ficos aplicados em locais estrat\u00e9gicos. Esses elementos funcionam como extens\u00f5es da campanha publicit\u00e1ria, guiando o olhar e ajudando o consumidor a navegar pelo espa\u00e7o. Entre os recursos mais usados, destacam-se: A harmonia entre esses recursos garante coer\u00eancia visual e melhora a experi\u00eancia de navega\u00e7\u00e3o. O consumidor se sente guiado \u2014 e n\u00e3o sobrecarregado \u2014, o que favorece uma jornada fluida e intuitiva. Estruturas promocionais como suporte t\u00e1tico da comunica\u00e7\u00e3o As estruturas promocionais desempenham um papel essencial no projeto de PDV, funcionando como suporte t\u00e1tico para fortalecer a presen\u00e7a da marca no ambiente de venda.&nbsp; Elas d\u00e3o volume, movimento e destaque \u00e0 comunica\u00e7\u00e3o, tornando o espa\u00e7o mais envolvente e funcional.&nbsp; Quando bem posicionadas, ajudam a organizar o fluxo de circula\u00e7\u00e3o e direcionar o olhar do consumidor para pontos estrat\u00e9gicos. Totens, m\u00f3biles, cubos e banners, por exemplo, n\u00e3o s\u00e3o apenas pe\u00e7as decorativas \u2014 s\u00e3o ferramentas de est\u00edmulo visual que ampliam o alcance da mensagem sem comprometer a fluidez do ambiente.&nbsp; A chave est\u00e1 em equilibrar impacto e harmonia, garantindo que cada estrutura comunique de forma clara, coerente e integrada ao conceito da campanha.&nbsp; Assim, o PDV deixa de ser um simples suporte f\u00edsico e se transforma em um instrumento de conex\u00e3o e decis\u00e3o de compra. Displays e placas: o ponto de decis\u00e3o do consumidor Se o PDV \u00e9 o ponto de decis\u00e3o, displays e placas sinalizadoras s\u00e3o os aliados que transformam aten\u00e7\u00e3o em a\u00e7\u00e3o. Eles funcionam como pontos focais no momento da escolha, refor\u00e7ando a identidade visual e agregando valor \u00e0 exposi\u00e7\u00e3o. Na pr\u00e1tica, cumprem tr\u00eas fun\u00e7\u00f5es principais: O material e o acabamento devem ser definidos de acordo com o tempo de campanha, o ambiente de exposi\u00e7\u00e3o e o perfil do p\u00fablico. Durabilidade, clareza e consist\u00eancia visual s\u00e3o crit\u00e9rios essenciais. Integra\u00e7\u00e3o e coer\u00eancia visual: a alma de um projeto de PDV eficaz Um projeto de PDV n\u00e3o deve tratar seus elementos de forma isolada, mas como parte de um sistema visual coerente. Quando cada componente \u2014 da bobina de forra\u00e7\u00e3o ao clipstrip \u2014 se conecta \u00e0 narrativa da marca, o resultado \u00e9 uma comunica\u00e7\u00e3o unificada e envolvente. Essa integra\u00e7\u00e3o requer: A coer\u00eancia \u00e9 o que transforma o PDV em um ambiente de marca, e n\u00e3o apenas um ponto de venda. \u00c9 ali que a estrat\u00e9gia de comunica\u00e7\u00e3o se torna palp\u00e1vel e onde a decis\u00e3o de compra realmente acontece. Projeto de PDV da Minimundi: quando a identidade ganha forma A Minimundi entende que o PDV \u00e9 mais do que o fim da jornada de compra \u2014 \u00e9 o ponto onde o consumidor decide se conecta emocionalmente com a marca.&nbsp; Por isso, seus projetos unem estrat\u00e9gia, design e execu\u00e7\u00e3o impec\u00e1vel, criando ativa\u00e7\u00f5es que traduzem a ess\u00eancia de cada cliente. Combinando criatividade, planejamento t\u00e9cnico e excel\u00eancia operacional, a Minimundi desenvolve solu\u00e7\u00f5es completas de Visual Merchandising, Arquitetura Promocional e cenografia.&nbsp; Cada projeto \u00e9 pensado para transformar o espa\u00e7o f\u00edsico em uma experi\u00eancia de marca viva, que estimula, orienta e converte. Da concep\u00e7\u00e3o \u00e0 entrega final, a Minimundi cuida de cada detalhe com agilidade, precis\u00e3o e impacto visual. Solu\u00e7\u00f5es inteligentes que conectam marcas ao consumidor \u2014 dentro e fora do ponto de venda. Quer transformar seu PDV em ponto de decis\u00e3o? Entre em contato com a Minimundi e descubra como elevar sua marca por meio de projetos que unem est\u00e9tica, estrat\u00e9gia e resultado.<\/p>\n","protected":false},"author":1,"featured_media":3823,"comment_status":"open","ping_status":"open","sticky":false,"template":"","format":"standard","meta":{"footnotes":""},"categories":[2756],"tags":[2493,3683,3707,3703,3697,3705,3701,3695,3691,3704,3700,3686,3678,3569,3688,3681,3709,3687,3565,3677,3682,3679,3689,3693,2595,3696,3690,3698,3706,2909,3685,3676,3708,3692,3722,3726,3716,3732,3727,3720,3724,3733,3718,3729,3734,3731,3712,3711,3715,3723,3719,3717,3725,3721,3728,3730,3713,3710,3714,3694,3699,3702,3684,3680,2576],"class_list":["post-3821","post","type-post","status-publish","format-standard","has-post-thumbnail","hentry","category-pdv","tag-arquitetura-promocional","tag-branding-no-varejo","tag-como-comunicar-valores-da-marca-no-pdv","tag-como-criar-coerencia-visual-no-pdv","tag-como-harmonizar-materiais-graficos-e-estruturas-promocionais","tag-como-integrar-campanha-e-pdv","tag-como-medir-o-sucesso-do-projeto-de-pdv","tag-como-o-pdv-influencia-a-decisao-de-compra","tag-como-planejar-um-projeto-de-pdv","tag-como-transformar-o-ponto-de-venda-em-ponto-de-decisao","tag-como-usar-totens-no-pdv","tag-comunicacao-integrada","tag-comunicacao-no-ponto-de-venda","tag-design-de-loja","tag-design-sensorial","tag-displays-personalizados","tag-empresa-de-projeto-de-pdv","tag-estrategia-de-pdv","tag-experiencia-de-compra","tag-identidade-visual-de-marca","tag-jornada-do-consumidor","tag-materiais-de-pdv","tag-minimundi-pdv","tag-o-que-considerar-no-design-do-pdv","tag-o-que-e-arquitetura-promocional","tag-o-que-e-identidade-visual-no-ponto-de-venda","tag-o-que-e-projeto-de-pdv","tag-o-que-e-um-pdv-sustentavel","tag-o-que-e-visual-merchandising-estrategico","tag-pdv-criativo","tag-pdv-sustentavel","tag-planejamento-de-pdv","tag-por-que-investir-em-projetos-de-pdv","tag-por-que-o-pdv-e-importante-para-a-marca","tag-projeto-de-pdv-em-alphaville","tag-projeto-de-pdv-em-carapicuiba","tag-projeto-de-pdv-em-cotia","tag-projeto-de-pdv-em-diadema","tag-projeto-de-pdv-em-guarulhos","tag-projeto-de-pdv-em-itapevi","tag-projeto-de-pdv-em-jandira","tag-projeto-de-pdv-em-osasco","tag-projeto-de-pdv-em-rm-barueri","tag-projeto-de-pdv-em-santo-andre","tag-projeto-de-pdv-em-sao-bernardo","tag-projeto-de-pdv-em-sao-caetano","tag-projeto-de-pdv-em-sao-paulo","tag-projeto-de-pdv-em-sp","tag-projeto-de-pdv-na-zona-leste","tag-projeto-de-pdv-na-zona-norte","tag-projeto-de-pdv-na-zona-oeste","tag-projeto-de-pdv-na-zona-sul","tag-projeto-de-pdv-no-abc","tag-projeto-de-pdv-no-centro","tag-projeto-de-pdv-no-embu-das-artes","tag-projeto-de-pdv-no-taboao","tag-projeto-de-pdv-perto-de-mim","tag-projeto-de-pdv-preco","tag-projeto-de-pdv-proximo-a-mim","tag-quais-sao-os-elementos-visuais-do-pdv","tag-quais-tipos-de-displays-existem","tag-qual-o-papel-da-minimundi-no-pdv","tag-sinalizacao-de-loja","tag-totens-promocionais","tag-visual-merchandising"],"yoast_head":"<!-- This site is optimized with the Yoast SEO plugin v26.6 - https:\/\/yoast.com\/wordpress\/plugins\/seo\/ -->\n<title>Como planejar um projeto de PDV alinhado \u00e0 identidade da marca - Blog<\/title>\n<meta name=\"robots\" content=\"index, follow, max-snippet:-1, max-image-preview:large, max-video-preview:-1\" \/>\n<link rel=\"canonical\" href=\"https:\/\/www.minimundi.net\/blog\/como-planejar-um-projeto-de-pdv-alinhado-a-identidade-da-marca\/\" \/>\n<meta property=\"og:locale\" content=\"pt_BR\" \/>\n<meta property=\"og:type\" content=\"article\" \/>\n<meta property=\"og:title\" content=\"Como planejar um projeto de PDV alinhado \u00e0 identidade da marca - Blog\" \/>\n<meta property=\"og:description\" content=\"Tempo de leitura: 4 minutosDescubra como planejar um projeto de PDV que traduza a identidade da marca e transforme o ponto de venda em ponto de decis\u00e3o. O projeto de PDV n\u00e3o \u00e9 apenas uma quest\u00e3o est\u00e9tica. Ele \u00e9 o ponto onde a comunica\u00e7\u00e3o f\u00edsica da marca se conecta com a jornada de consumo, determinando o sucesso da convers\u00e3o.&nbsp; Cada cent\u00edmetro do espa\u00e7o de venda deve trabalhar a favor da marca \u2014 orientando, estimulando e conduzindo o olhar do consumidor. Quando o PDV \u00e9 planejado estrategicamente, transforma a inten\u00e7\u00e3o de compra em a\u00e7\u00e3o concreta.&nbsp; Por isso, a coer\u00eancia entre identidade visual, discurso de marca e experi\u00eancia de compra \u00e9 o que diferencia uma simples exposi\u00e7\u00e3o de produtos de uma ativa\u00e7\u00e3o memor\u00e1vel. A import\u00e2ncia de alinhar o projeto de PDV \u00e0 identidade da marca Um projeto de PDV bem estruturado \u00e9 uma extens\u00e3o da marca. Ele comunica visualmente seus valores, prop\u00f3sito e diferenciais, mesmo sem palavras.&nbsp; Cores, tipografias, texturas e formas precisam conversar com o posicionamento da empresa e despertar no cliente o mesmo sentimento que a marca quer transmitir em todas as suas frentes de comunica\u00e7\u00e3o. Cada elemento visual do PDV deve refor\u00e7ar o universo simb\u00f3lico da marca. Quando o consumidor reconhece essa coer\u00eancia, a confian\u00e7a aumenta \u2014 e, com ela, a probabilidade de convers\u00e3o. O planejamento come\u00e7a pela compreens\u00e3o profunda da identidade da marca: o que ela representa, a quem se dirige e quais emo\u00e7\u00f5es deseja despertar.&nbsp; Essa tradu\u00e7\u00e3o visual \u00e9 o que garante que o projeto de PDV seja mais do que bonito \u2014 seja funcional, estrat\u00e9gico e memor\u00e1vel. Materiais gr\u00e1ficos: o primeiro contato visual com o consumidor O primeiro n\u00edvel de intera\u00e7\u00e3o dentro do ponto de venda vem dos materiais gr\u00e1ficos aplicados em locais estrat\u00e9gicos. Esses elementos funcionam como extens\u00f5es da campanha publicit\u00e1ria, guiando o olhar e ajudando o consumidor a navegar pelo espa\u00e7o. Entre os recursos mais usados, destacam-se: A harmonia entre esses recursos garante coer\u00eancia visual e melhora a experi\u00eancia de navega\u00e7\u00e3o. O consumidor se sente guiado \u2014 e n\u00e3o sobrecarregado \u2014, o que favorece uma jornada fluida e intuitiva. Estruturas promocionais como suporte t\u00e1tico da comunica\u00e7\u00e3o As estruturas promocionais desempenham um papel essencial no projeto de PDV, funcionando como suporte t\u00e1tico para fortalecer a presen\u00e7a da marca no ambiente de venda.&nbsp; Elas d\u00e3o volume, movimento e destaque \u00e0 comunica\u00e7\u00e3o, tornando o espa\u00e7o mais envolvente e funcional.&nbsp; Quando bem posicionadas, ajudam a organizar o fluxo de circula\u00e7\u00e3o e direcionar o olhar do consumidor para pontos estrat\u00e9gicos. Totens, m\u00f3biles, cubos e banners, por exemplo, n\u00e3o s\u00e3o apenas pe\u00e7as decorativas \u2014 s\u00e3o ferramentas de est\u00edmulo visual que ampliam o alcance da mensagem sem comprometer a fluidez do ambiente.&nbsp; A chave est\u00e1 em equilibrar impacto e harmonia, garantindo que cada estrutura comunique de forma clara, coerente e integrada ao conceito da campanha.&nbsp; Assim, o PDV deixa de ser um simples suporte f\u00edsico e se transforma em um instrumento de conex\u00e3o e decis\u00e3o de compra. Displays e placas: o ponto de decis\u00e3o do consumidor Se o PDV \u00e9 o ponto de decis\u00e3o, displays e placas sinalizadoras s\u00e3o os aliados que transformam aten\u00e7\u00e3o em a\u00e7\u00e3o. Eles funcionam como pontos focais no momento da escolha, refor\u00e7ando a identidade visual e agregando valor \u00e0 exposi\u00e7\u00e3o. Na pr\u00e1tica, cumprem tr\u00eas fun\u00e7\u00f5es principais: O material e o acabamento devem ser definidos de acordo com o tempo de campanha, o ambiente de exposi\u00e7\u00e3o e o perfil do p\u00fablico. Durabilidade, clareza e consist\u00eancia visual s\u00e3o crit\u00e9rios essenciais. Integra\u00e7\u00e3o e coer\u00eancia visual: a alma de um projeto de PDV eficaz Um projeto de PDV n\u00e3o deve tratar seus elementos de forma isolada, mas como parte de um sistema visual coerente. Quando cada componente \u2014 da bobina de forra\u00e7\u00e3o ao clipstrip \u2014 se conecta \u00e0 narrativa da marca, o resultado \u00e9 uma comunica\u00e7\u00e3o unificada e envolvente. Essa integra\u00e7\u00e3o requer: A coer\u00eancia \u00e9 o que transforma o PDV em um ambiente de marca, e n\u00e3o apenas um ponto de venda. \u00c9 ali que a estrat\u00e9gia de comunica\u00e7\u00e3o se torna palp\u00e1vel e onde a decis\u00e3o de compra realmente acontece. Projeto de PDV da Minimundi: quando a identidade ganha forma A Minimundi entende que o PDV \u00e9 mais do que o fim da jornada de compra \u2014 \u00e9 o ponto onde o consumidor decide se conecta emocionalmente com a marca.&nbsp; Por isso, seus projetos unem estrat\u00e9gia, design e execu\u00e7\u00e3o impec\u00e1vel, criando ativa\u00e7\u00f5es que traduzem a ess\u00eancia de cada cliente. Combinando criatividade, planejamento t\u00e9cnico e excel\u00eancia operacional, a Minimundi desenvolve solu\u00e7\u00f5es completas de Visual Merchandising, Arquitetura Promocional e cenografia.&nbsp; Cada projeto \u00e9 pensado para transformar o espa\u00e7o f\u00edsico em uma experi\u00eancia de marca viva, que estimula, orienta e converte. Da concep\u00e7\u00e3o \u00e0 entrega final, a Minimundi cuida de cada detalhe com agilidade, precis\u00e3o e impacto visual. Solu\u00e7\u00f5es inteligentes que conectam marcas ao consumidor \u2014 dentro e fora do ponto de venda. Quer transformar seu PDV em ponto de decis\u00e3o? Entre em contato com a Minimundi e descubra como elevar sua marca por meio de projetos que unem est\u00e9tica, estrat\u00e9gia e resultado.\" \/>\n<meta property=\"og:url\" content=\"https:\/\/www.minimundi.net\/blog\/como-planejar-um-projeto-de-pdv-alinhado-a-identidade-da-marca\/\" \/>\n<meta property=\"og:site_name\" content=\"Blog\" \/>\n<meta property=\"article:published_time\" content=\"2025-11-27T19:56:57+00:00\" \/>\n<meta property=\"article:modified_time\" content=\"2025-11-27T19:57:31+00:00\" \/>\n<meta property=\"og:image\" content=\"https:\/\/www.minimundi.net\/blog\/wp-content\/uploads\/2025\/11\/adesivos.webp\" \/>\n\t<meta property=\"og:image:width\" content=\"1600\" \/>\n\t<meta property=\"og:image:height\" content=\"1200\" \/>\n\t<meta property=\"og:image:type\" content=\"image\/webp\" \/>\n<meta name=\"author\" content=\"admin\" \/>\n<meta name=\"twitter:card\" content=\"summary_large_image\" \/>\n<meta name=\"twitter:label1\" content=\"Escrito por\" \/>\n\t<meta name=\"twitter:data1\" content=\"admin\" \/>\n\t<meta name=\"twitter:label2\" content=\"Est. tempo de leitura\" \/>\n\t<meta name=\"twitter:data2\" content=\"5 minutos\" \/>\n<script type=\"application\/ld+json\" class=\"yoast-schema-graph\">{\"@context\":\"https:\/\/schema.org\",\"@graph\":[{\"@type\":\"Article\",\"@id\":\"https:\/\/www.minimundi.net\/blog\/como-planejar-um-projeto-de-pdv-alinhado-a-identidade-da-marca\/#article\",\"isPartOf\":{\"@id\":\"https:\/\/www.minimundi.net\/blog\/como-planejar-um-projeto-de-pdv-alinhado-a-identidade-da-marca\/\"},\"author\":{\"name\":\"admin\",\"@id\":\"https:\/\/www.minimundi.net\/blog\/#\/schema\/person\/ccae0d1fa65f4d63afe9adeba4237a81\"},\"headline\":\"Como planejar um projeto de PDV alinhado \u00e0 identidade da marca\",\"datePublished\":\"2025-11-27T19:56:57+00:00\",\"dateModified\":\"2025-11-27T19:57:31+00:00\",\"mainEntityOfPage\":{\"@id\":\"https:\/\/www.minimundi.net\/blog\/como-planejar-um-projeto-de-pdv-alinhado-a-identidade-da-marca\/\"},\"wordCount\":1095,\"commentCount\":0,\"publisher\":{\"@id\":\"https:\/\/www.minimundi.net\/blog\/#organization\"},\"image\":{\"@id\":\"https:\/\/www.minimundi.net\/blog\/como-planejar-um-projeto-de-pdv-alinhado-a-identidade-da-marca\/#primaryimage\"},\"thumbnailUrl\":\"https:\/\/www.minimundi.net\/blog\/wp-content\/uploads\/2025\/11\/adesivos.webp\",\"keywords\":[\"arquitetura promocional\",\"branding no varejo\",\"como comunicar valores da marca no PDV?\",\"como criar coer\u00eancia visual no PDV?\",\"como harmonizar materiais gr\u00e1ficos e estruturas promocionais?\",\"como integrar campanha e PDV?\",\"como medir o sucesso do projeto de PDV?\",\"como o PDV influencia a decis\u00e3o de compra?\",\"como planejar um projeto de PDV?\",\"como transformar o ponto de venda em ponto de decis\u00e3o?\",\"como usar totens no PDV?\",\"comunica\u00e7\u00e3o integrada\",\"comunica\u00e7\u00e3o no ponto de venda\",\"design de loja\",\"design sensorial\",\"displays personalizados\",\"empresa de projeto de PDV\",\"estrat\u00e9gia de PDV\",\"experi\u00eancia de compra\",\"identidade visual de marca\",\"jornada do consumidor\",\"materiais de PDV\",\"Minimundi PDV\",\"o que considerar no design do PDV?\",\"o que \u00e9 arquitetura promocional?\",\"o que \u00e9 identidade visual no ponto de venda?\",\"o que \u00e9 projeto de PDV?\",\"o que \u00e9 um PDV sustent\u00e1vel?\",\"o que \u00e9 visual merchandising estrat\u00e9gico?\",\"pdv criativo\",\"PDV sustent\u00e1vel\",\"planejamento de PDV\",\"por que investir em projetos de PDV?\",\"por que o PDV \u00e9 importante para a marca?\",\"projeto de PDV em Alphaville\",\"projeto de PDV em Carapicu\u00edba\",\"projeto de PDV em Cotia\",\"projeto de PDV em Diadema\",\"projeto de PDV em Guarulhos\",\"projeto de PDV em Itapevi\",\"projeto de PDV em Jandira\",\"projeto de PDV em Osasco\",\"projeto de PDV em rm Barueri\",\"projeto de PDV em Santo Andr\u00e9\",\"projeto de PDV em S\u00e3o Bernardo\",\"projeto de PDV em S\u00e3o Caetano\",\"projeto de PDV em s\u00e3o paulo\",\"projeto de PDV em sp\",\"projeto de PDV na zona leste\",\"projeto de PDV na zona norte\",\"projeto de PDV na zona oeste\",\"projeto de PDV na zona sul\",\"projeto de PDV no ABC\",\"projeto de PDV no centro\",\"projeto de PDV no Embu das Artes\",\"projeto de PDV no Tabo\u00e3o\",\"projeto de PDV perto de mim\",\"projeto de PDV pre\u00e7o\",\"projeto de PDV pr\u00f3ximo a mim\",\"quais s\u00e3o os elementos visuais do PDV?\",\"quais tipos de displays existem?\",\"qual o papel da Minimundi no PDV?\",\"sinaliza\u00e7\u00e3o de loja\",\"totens promocionais\",\"visual merchandising\"],\"articleSection\":[\"PDV\"],\"inLanguage\":\"pt-BR\",\"potentialAction\":[{\"@type\":\"CommentAction\",\"name\":\"Comment\",\"target\":[\"https:\/\/www.minimundi.net\/blog\/como-planejar-um-projeto-de-pdv-alinhado-a-identidade-da-marca\/#respond\"]}]},{\"@type\":\"WebPage\",\"@id\":\"https:\/\/www.minimundi.net\/blog\/como-planejar-um-projeto-de-pdv-alinhado-a-identidade-da-marca\/\",\"url\":\"https:\/\/www.minimundi.net\/blog\/como-planejar-um-projeto-de-pdv-alinhado-a-identidade-da-marca\/\",\"name\":\"Como planejar um projeto de PDV alinhado \u00e0 identidade da marca - Blog\",\"isPartOf\":{\"@id\":\"https:\/\/www.minimundi.net\/blog\/#website\"},\"primaryImageOfPage\":{\"@id\":\"https:\/\/www.minimundi.net\/blog\/como-planejar-um-projeto-de-pdv-alinhado-a-identidade-da-marca\/#primaryimage\"},\"image\":{\"@id\":\"https:\/\/www.minimundi.net\/blog\/como-planejar-um-projeto-de-pdv-alinhado-a-identidade-da-marca\/#primaryimage\"},\"thumbnailUrl\":\"https:\/\/www.minimundi.net\/blog\/wp-content\/uploads\/2025\/11\/adesivos.webp\",\"datePublished\":\"2025-11-27T19:56:57+00:00\",\"dateModified\":\"2025-11-27T19:57:31+00:00\",\"breadcrumb\":{\"@id\":\"https:\/\/www.minimundi.net\/blog\/como-planejar-um-projeto-de-pdv-alinhado-a-identidade-da-marca\/#breadcrumb\"},\"inLanguage\":\"pt-BR\",\"potentialAction\":[{\"@type\":\"ReadAction\",\"target\":[\"https:\/\/www.minimundi.net\/blog\/como-planejar-um-projeto-de-pdv-alinhado-a-identidade-da-marca\/\"]}]},{\"@type\":\"ImageObject\",\"inLanguage\":\"pt-BR\",\"@id\":\"https:\/\/www.minimundi.net\/blog\/como-planejar-um-projeto-de-pdv-alinhado-a-identidade-da-marca\/#primaryimage\",\"url\":\"https:\/\/www.minimundi.net\/blog\/wp-content\/uploads\/2025\/11\/adesivos.webp\",\"contentUrl\":\"https:\/\/www.minimundi.net\/blog\/wp-content\/uploads\/2025\/11\/adesivos.webp\",\"width\":1600,\"height\":1200},{\"@type\":\"BreadcrumbList\",\"@id\":\"https:\/\/www.minimundi.net\/blog\/como-planejar-um-projeto-de-pdv-alinhado-a-identidade-da-marca\/#breadcrumb\",\"itemListElement\":[{\"@type\":\"ListItem\",\"position\":1,\"name\":\"In\u00edcio\",\"item\":\"https:\/\/www.minimundi.net\/blog\/\"},{\"@type\":\"ListItem\",\"position\":2,\"name\":\"Como planejar um projeto de PDV alinhado \u00e0 identidade da marca\"}]},{\"@type\":\"WebSite\",\"@id\":\"https:\/\/www.minimundi.net\/blog\/#website\",\"url\":\"https:\/\/www.minimundi.net\/blog\/\",\"name\":\"Blog\",\"description\":\"\",\"publisher\":{\"@id\":\"https:\/\/www.minimundi.net\/blog\/#organization\"},\"potentialAction\":[{\"@type\":\"SearchAction\",\"target\":{\"@type\":\"EntryPoint\",\"urlTemplate\":\"https:\/\/www.minimundi.net\/blog\/?s={search_term_string}\"},\"query-input\":{\"@type\":\"PropertyValueSpecification\",\"valueRequired\":true,\"valueName\":\"search_term_string\"}}],\"inLanguage\":\"pt-BR\"},{\"@type\":\"Organization\",\"@id\":\"https:\/\/www.minimundi.net\/blog\/#organization\",\"name\":\"Blog\",\"url\":\"https:\/\/www.minimundi.net\/blog\/\",\"logo\":{\"@type\":\"ImageObject\",\"inLanguage\":\"pt-BR\",\"@id\":\"https:\/\/www.minimundi.net\/blog\/#\/schema\/logo\/image\/\",\"url\":\"https:\/\/www.minimundi.net\/blog\/wp-content\/uploads\/2025\/11\/logo.webp\",\"contentUrl\":\"https:\/\/www.minimundi.net\/blog\/wp-content\/uploads\/2025\/11\/logo.webp\",\"width\":341,\"height\":84,\"caption\":\"Blog\"},\"image\":{\"@id\":\"https:\/\/www.minimundi.net\/blog\/#\/schema\/logo\/image\/\"}},{\"@type\":\"Person\",\"@id\":\"https:\/\/www.minimundi.net\/blog\/#\/schema\/person\/ccae0d1fa65f4d63afe9adeba4237a81\",\"name\":\"admin\",\"image\":{\"@type\":\"ImageObject\",\"inLanguage\":\"pt-BR\",\"@id\":\"https:\/\/www.minimundi.net\/blog\/#\/schema\/person\/image\/\",\"url\":\"https:\/\/secure.gravatar.com\/avatar\/d2abb7e535a7590a6f9b76c75c90ec5441db3a04a205e6d66ecabfb80081f172?s=96&d=mm&r=g\",\"contentUrl\":\"https:\/\/secure.gravatar.com\/avatar\/d2abb7e535a7590a6f9b76c75c90ec5441db3a04a205e6d66ecabfb80081f172?s=96&d=mm&r=g\",\"caption\":\"admin\"},\"sameAs\":[\"https:\/\/minimundi.net\/blog\"],\"url\":\"https:\/\/www.minimundi.net\/blog\/author\/admin\/\"}]}<\/script>\n<!-- \/ Yoast SEO plugin. -->","yoast_head_json":{"title":"Como planejar um projeto de PDV alinhado \u00e0 identidade da marca - Blog","robots":{"index":"index","follow":"follow","max-snippet":"max-snippet:-1","max-image-preview":"max-image-preview:large","max-video-preview":"max-video-preview:-1"},"canonical":"https:\/\/www.minimundi.net\/blog\/como-planejar-um-projeto-de-pdv-alinhado-a-identidade-da-marca\/","og_locale":"pt_BR","og_type":"article","og_title":"Como planejar um projeto de PDV alinhado \u00e0 identidade da marca - Blog","og_description":"Tempo de leitura: 4 minutosDescubra como planejar um projeto de PDV que traduza a identidade da marca e transforme o ponto de venda em ponto de decis\u00e3o. O projeto de PDV n\u00e3o \u00e9 apenas uma quest\u00e3o est\u00e9tica. Ele \u00e9 o ponto onde a comunica\u00e7\u00e3o f\u00edsica da marca se conecta com a jornada de consumo, determinando o sucesso da convers\u00e3o.&nbsp; Cada cent\u00edmetro do espa\u00e7o de venda deve trabalhar a favor da marca \u2014 orientando, estimulando e conduzindo o olhar do consumidor. Quando o PDV \u00e9 planejado estrategicamente, transforma a inten\u00e7\u00e3o de compra em a\u00e7\u00e3o concreta.&nbsp; Por isso, a coer\u00eancia entre identidade visual, discurso de marca e experi\u00eancia de compra \u00e9 o que diferencia uma simples exposi\u00e7\u00e3o de produtos de uma ativa\u00e7\u00e3o memor\u00e1vel. A import\u00e2ncia de alinhar o projeto de PDV \u00e0 identidade da marca Um projeto de PDV bem estruturado \u00e9 uma extens\u00e3o da marca. Ele comunica visualmente seus valores, prop\u00f3sito e diferenciais, mesmo sem palavras.&nbsp; Cores, tipografias, texturas e formas precisam conversar com o posicionamento da empresa e despertar no cliente o mesmo sentimento que a marca quer transmitir em todas as suas frentes de comunica\u00e7\u00e3o. Cada elemento visual do PDV deve refor\u00e7ar o universo simb\u00f3lico da marca. Quando o consumidor reconhece essa coer\u00eancia, a confian\u00e7a aumenta \u2014 e, com ela, a probabilidade de convers\u00e3o. O planejamento come\u00e7a pela compreens\u00e3o profunda da identidade da marca: o que ela representa, a quem se dirige e quais emo\u00e7\u00f5es deseja despertar.&nbsp; Essa tradu\u00e7\u00e3o visual \u00e9 o que garante que o projeto de PDV seja mais do que bonito \u2014 seja funcional, estrat\u00e9gico e memor\u00e1vel. Materiais gr\u00e1ficos: o primeiro contato visual com o consumidor O primeiro n\u00edvel de intera\u00e7\u00e3o dentro do ponto de venda vem dos materiais gr\u00e1ficos aplicados em locais estrat\u00e9gicos. Esses elementos funcionam como extens\u00f5es da campanha publicit\u00e1ria, guiando o olhar e ajudando o consumidor a navegar pelo espa\u00e7o. Entre os recursos mais usados, destacam-se: A harmonia entre esses recursos garante coer\u00eancia visual e melhora a experi\u00eancia de navega\u00e7\u00e3o. O consumidor se sente guiado \u2014 e n\u00e3o sobrecarregado \u2014, o que favorece uma jornada fluida e intuitiva. Estruturas promocionais como suporte t\u00e1tico da comunica\u00e7\u00e3o As estruturas promocionais desempenham um papel essencial no projeto de PDV, funcionando como suporte t\u00e1tico para fortalecer a presen\u00e7a da marca no ambiente de venda.&nbsp; Elas d\u00e3o volume, movimento e destaque \u00e0 comunica\u00e7\u00e3o, tornando o espa\u00e7o mais envolvente e funcional.&nbsp; Quando bem posicionadas, ajudam a organizar o fluxo de circula\u00e7\u00e3o e direcionar o olhar do consumidor para pontos estrat\u00e9gicos. Totens, m\u00f3biles, cubos e banners, por exemplo, n\u00e3o s\u00e3o apenas pe\u00e7as decorativas \u2014 s\u00e3o ferramentas de est\u00edmulo visual que ampliam o alcance da mensagem sem comprometer a fluidez do ambiente.&nbsp; A chave est\u00e1 em equilibrar impacto e harmonia, garantindo que cada estrutura comunique de forma clara, coerente e integrada ao conceito da campanha.&nbsp; Assim, o PDV deixa de ser um simples suporte f\u00edsico e se transforma em um instrumento de conex\u00e3o e decis\u00e3o de compra. Displays e placas: o ponto de decis\u00e3o do consumidor Se o PDV \u00e9 o ponto de decis\u00e3o, displays e placas sinalizadoras s\u00e3o os aliados que transformam aten\u00e7\u00e3o em a\u00e7\u00e3o. Eles funcionam como pontos focais no momento da escolha, refor\u00e7ando a identidade visual e agregando valor \u00e0 exposi\u00e7\u00e3o. Na pr\u00e1tica, cumprem tr\u00eas fun\u00e7\u00f5es principais: O material e o acabamento devem ser definidos de acordo com o tempo de campanha, o ambiente de exposi\u00e7\u00e3o e o perfil do p\u00fablico. Durabilidade, clareza e consist\u00eancia visual s\u00e3o crit\u00e9rios essenciais. Integra\u00e7\u00e3o e coer\u00eancia visual: a alma de um projeto de PDV eficaz Um projeto de PDV n\u00e3o deve tratar seus elementos de forma isolada, mas como parte de um sistema visual coerente. Quando cada componente \u2014 da bobina de forra\u00e7\u00e3o ao clipstrip \u2014 se conecta \u00e0 narrativa da marca, o resultado \u00e9 uma comunica\u00e7\u00e3o unificada e envolvente. Essa integra\u00e7\u00e3o requer: A coer\u00eancia \u00e9 o que transforma o PDV em um ambiente de marca, e n\u00e3o apenas um ponto de venda. \u00c9 ali que a estrat\u00e9gia de comunica\u00e7\u00e3o se torna palp\u00e1vel e onde a decis\u00e3o de compra realmente acontece. Projeto de PDV da Minimundi: quando a identidade ganha forma A Minimundi entende que o PDV \u00e9 mais do que o fim da jornada de compra \u2014 \u00e9 o ponto onde o consumidor decide se conecta emocionalmente com a marca.&nbsp; Por isso, seus projetos unem estrat\u00e9gia, design e execu\u00e7\u00e3o impec\u00e1vel, criando ativa\u00e7\u00f5es que traduzem a ess\u00eancia de cada cliente. Combinando criatividade, planejamento t\u00e9cnico e excel\u00eancia operacional, a Minimundi desenvolve solu\u00e7\u00f5es completas de Visual Merchandising, Arquitetura Promocional e cenografia.&nbsp; Cada projeto \u00e9 pensado para transformar o espa\u00e7o f\u00edsico em uma experi\u00eancia de marca viva, que estimula, orienta e converte. Da concep\u00e7\u00e3o \u00e0 entrega final, a Minimundi cuida de cada detalhe com agilidade, precis\u00e3o e impacto visual. Solu\u00e7\u00f5es inteligentes que conectam marcas ao consumidor \u2014 dentro e fora do ponto de venda. Quer transformar seu PDV em ponto de decis\u00e3o? Entre em contato com a Minimundi e descubra como elevar sua marca por meio de projetos que unem est\u00e9tica, estrat\u00e9gia e resultado.","og_url":"https:\/\/www.minimundi.net\/blog\/como-planejar-um-projeto-de-pdv-alinhado-a-identidade-da-marca\/","og_site_name":"Blog","article_published_time":"2025-11-27T19:56:57+00:00","article_modified_time":"2025-11-27T19:57:31+00:00","og_image":[{"width":1600,"height":1200,"url":"https:\/\/www.minimundi.net\/blog\/wp-content\/uploads\/2025\/11\/adesivos.webp","type":"image\/webp"}],"author":"admin","twitter_card":"summary_large_image","twitter_misc":{"Escrito por":"admin","Est. tempo de leitura":"5 minutos"},"schema":{"@context":"https:\/\/schema.org","@graph":[{"@type":"Article","@id":"https:\/\/www.minimundi.net\/blog\/como-planejar-um-projeto-de-pdv-alinhado-a-identidade-da-marca\/#article","isPartOf":{"@id":"https:\/\/www.minimundi.net\/blog\/como-planejar-um-projeto-de-pdv-alinhado-a-identidade-da-marca\/"},"author":{"name":"admin","@id":"https:\/\/www.minimundi.net\/blog\/#\/schema\/person\/ccae0d1fa65f4d63afe9adeba4237a81"},"headline":"Como planejar um projeto de PDV alinhado \u00e0 identidade da marca","datePublished":"2025-11-27T19:56:57+00:00","dateModified":"2025-11-27T19:57:31+00:00","mainEntityOfPage":{"@id":"https:\/\/www.minimundi.net\/blog\/como-planejar-um-projeto-de-pdv-alinhado-a-identidade-da-marca\/"},"wordCount":1095,"commentCount":0,"publisher":{"@id":"https:\/\/www.minimundi.net\/blog\/#organization"},"image":{"@id":"https:\/\/www.minimundi.net\/blog\/como-planejar-um-projeto-de-pdv-alinhado-a-identidade-da-marca\/#primaryimage"},"thumbnailUrl":"https:\/\/www.minimundi.net\/blog\/wp-content\/uploads\/2025\/11\/adesivos.webp","keywords":["arquitetura promocional","branding no varejo","como comunicar valores da marca no PDV?","como criar coer\u00eancia visual no PDV?","como harmonizar materiais gr\u00e1ficos e estruturas promocionais?","como integrar campanha e PDV?","como medir o sucesso do projeto de PDV?","como o PDV influencia a decis\u00e3o de compra?","como planejar um projeto de PDV?","como transformar o ponto de venda em ponto de decis\u00e3o?","como usar totens no PDV?","comunica\u00e7\u00e3o integrada","comunica\u00e7\u00e3o no ponto de venda","design de loja","design sensorial","displays personalizados","empresa de projeto de PDV","estrat\u00e9gia de PDV","experi\u00eancia de compra","identidade visual de marca","jornada do consumidor","materiais de PDV","Minimundi PDV","o que considerar no design do PDV?","o que \u00e9 arquitetura promocional?","o que \u00e9 identidade visual no ponto de venda?","o que \u00e9 projeto de PDV?","o que \u00e9 um PDV sustent\u00e1vel?","o que \u00e9 visual merchandising estrat\u00e9gico?","pdv criativo","PDV sustent\u00e1vel","planejamento de PDV","por que investir em projetos de PDV?","por que o PDV \u00e9 importante para a marca?","projeto de PDV em Alphaville","projeto de PDV em Carapicu\u00edba","projeto de PDV em Cotia","projeto de PDV em Diadema","projeto de PDV em Guarulhos","projeto de PDV em Itapevi","projeto de PDV em Jandira","projeto de PDV em Osasco","projeto de PDV em rm Barueri","projeto de PDV em Santo Andr\u00e9","projeto de PDV em S\u00e3o Bernardo","projeto de PDV em S\u00e3o Caetano","projeto de PDV em s\u00e3o paulo","projeto de PDV em sp","projeto de PDV na zona leste","projeto de PDV na zona norte","projeto de PDV na zona oeste","projeto de PDV na zona sul","projeto de PDV no ABC","projeto de PDV no centro","projeto de PDV no Embu das Artes","projeto de PDV no Tabo\u00e3o","projeto de PDV perto de mim","projeto de PDV pre\u00e7o","projeto de PDV pr\u00f3ximo a mim","quais s\u00e3o os elementos visuais do PDV?","quais tipos de displays existem?","qual o papel da Minimundi no PDV?","sinaliza\u00e7\u00e3o de loja","totens promocionais","visual merchandising"],"articleSection":["PDV"],"inLanguage":"pt-BR","potentialAction":[{"@type":"CommentAction","name":"Comment","target":["https:\/\/www.minimundi.net\/blog\/como-planejar-um-projeto-de-pdv-alinhado-a-identidade-da-marca\/#respond"]}]},{"@type":"WebPage","@id":"https:\/\/www.minimundi.net\/blog\/como-planejar-um-projeto-de-pdv-alinhado-a-identidade-da-marca\/","url":"https:\/\/www.minimundi.net\/blog\/como-planejar-um-projeto-de-pdv-alinhado-a-identidade-da-marca\/","name":"Como planejar um projeto de PDV alinhado \u00e0 identidade da marca - Blog","isPartOf":{"@id":"https:\/\/www.minimundi.net\/blog\/#website"},"primaryImageOfPage":{"@id":"https:\/\/www.minimundi.net\/blog\/como-planejar-um-projeto-de-pdv-alinhado-a-identidade-da-marca\/#primaryimage"},"image":{"@id":"https:\/\/www.minimundi.net\/blog\/como-planejar-um-projeto-de-pdv-alinhado-a-identidade-da-marca\/#primaryimage"},"thumbnailUrl":"https:\/\/www.minimundi.net\/blog\/wp-content\/uploads\/2025\/11\/adesivos.webp","datePublished":"2025-11-27T19:56:57+00:00","dateModified":"2025-11-27T19:57:31+00:00","breadcrumb":{"@id":"https:\/\/www.minimundi.net\/blog\/como-planejar-um-projeto-de-pdv-alinhado-a-identidade-da-marca\/#breadcrumb"},"inLanguage":"pt-BR","potentialAction":[{"@type":"ReadAction","target":["https:\/\/www.minimundi.net\/blog\/como-planejar-um-projeto-de-pdv-alinhado-a-identidade-da-marca\/"]}]},{"@type":"ImageObject","inLanguage":"pt-BR","@id":"https:\/\/www.minimundi.net\/blog\/como-planejar-um-projeto-de-pdv-alinhado-a-identidade-da-marca\/#primaryimage","url":"https:\/\/www.minimundi.net\/blog\/wp-content\/uploads\/2025\/11\/adesivos.webp","contentUrl":"https:\/\/www.minimundi.net\/blog\/wp-content\/uploads\/2025\/11\/adesivos.webp","width":1600,"height":1200},{"@type":"BreadcrumbList","@id":"https:\/\/www.minimundi.net\/blog\/como-planejar-um-projeto-de-pdv-alinhado-a-identidade-da-marca\/#breadcrumb","itemListElement":[{"@type":"ListItem","position":1,"name":"In\u00edcio","item":"https:\/\/www.minimundi.net\/blog\/"},{"@type":"ListItem","position":2,"name":"Como planejar um projeto de PDV alinhado \u00e0 identidade da marca"}]},{"@type":"WebSite","@id":"https:\/\/www.minimundi.net\/blog\/#website","url":"https:\/\/www.minimundi.net\/blog\/","name":"Blog","description":"","publisher":{"@id":"https:\/\/www.minimundi.net\/blog\/#organization"},"potentialAction":[{"@type":"SearchAction","target":{"@type":"EntryPoint","urlTemplate":"https:\/\/www.minimundi.net\/blog\/?s={search_term_string}"},"query-input":{"@type":"PropertyValueSpecification","valueRequired":true,"valueName":"search_term_string"}}],"inLanguage":"pt-BR"},{"@type":"Organization","@id":"https:\/\/www.minimundi.net\/blog\/#organization","name":"Blog","url":"https:\/\/www.minimundi.net\/blog\/","logo":{"@type":"ImageObject","inLanguage":"pt-BR","@id":"https:\/\/www.minimundi.net\/blog\/#\/schema\/logo\/image\/","url":"https:\/\/www.minimundi.net\/blog\/wp-content\/uploads\/2025\/11\/logo.webp","contentUrl":"https:\/\/www.minimundi.net\/blog\/wp-content\/uploads\/2025\/11\/logo.webp","width":341,"height":84,"caption":"Blog"},"image":{"@id":"https:\/\/www.minimundi.net\/blog\/#\/schema\/logo\/image\/"}},{"@type":"Person","@id":"https:\/\/www.minimundi.net\/blog\/#\/schema\/person\/ccae0d1fa65f4d63afe9adeba4237a81","name":"admin","image":{"@type":"ImageObject","inLanguage":"pt-BR","@id":"https:\/\/www.minimundi.net\/blog\/#\/schema\/person\/image\/","url":"https:\/\/secure.gravatar.com\/avatar\/d2abb7e535a7590a6f9b76c75c90ec5441db3a04a205e6d66ecabfb80081f172?s=96&d=mm&r=g","contentUrl":"https:\/\/secure.gravatar.com\/avatar\/d2abb7e535a7590a6f9b76c75c90ec5441db3a04a205e6d66ecabfb80081f172?s=96&d=mm&r=g","caption":"admin"},"sameAs":["https:\/\/minimundi.net\/blog"],"url":"https:\/\/www.minimundi.net\/blog\/author\/admin\/"}]}},"_links":{"self":[{"href":"https:\/\/www.minimundi.net\/blog\/wp-json\/wp\/v2\/posts\/3821","targetHints":{"allow":["GET"]}}],"collection":[{"href":"https:\/\/www.minimundi.net\/blog\/wp-json\/wp\/v2\/posts"}],"about":[{"href":"https:\/\/www.minimundi.net\/blog\/wp-json\/wp\/v2\/types\/post"}],"author":[{"embeddable":true,"href":"https:\/\/www.minimundi.net\/blog\/wp-json\/wp\/v2\/users\/1"}],"replies":[{"embeddable":true,"href":"https:\/\/www.minimundi.net\/blog\/wp-json\/wp\/v2\/comments?post=3821"}],"version-history":[{"count":1,"href":"https:\/\/www.minimundi.net\/blog\/wp-json\/wp\/v2\/posts\/3821\/revisions"}],"predecessor-version":[{"id":3824,"href":"https:\/\/www.minimundi.net\/blog\/wp-json\/wp\/v2\/posts\/3821\/revisions\/3824"}],"wp:featuredmedia":[{"embeddable":true,"href":"https:\/\/www.minimundi.net\/blog\/wp-json\/wp\/v2\/media\/3823"}],"wp:attachment":[{"href":"https:\/\/www.minimundi.net\/blog\/wp-json\/wp\/v2\/media?parent=3821"}],"wp:term":[{"taxonomy":"category","embeddable":true,"href":"https:\/\/www.minimundi.net\/blog\/wp-json\/wp\/v2\/categories?post=3821"},{"taxonomy":"post_tag","embeddable":true,"href":"https:\/\/www.minimundi.net\/blog\/wp-json\/wp\/v2\/tags?post=3821"}],"curies":[{"name":"wp","href":"https:\/\/api.w.org\/{rel}","templated":true}]}}